{"id":3089,"date":"2026-09-03T17:57:07","date_gmt":"2026-09-03T15:57:07","guid":{"rendered":"https:\/\/tourdesmuverans.ch\/?p=3089"},"modified":"2026-09-03T17:57:07","modified_gmt":"2026-09-03T15:57:07","slug":"fermeture-hebergements-2025","status":"publish","type":"post","link":"https:\/\/tourdesmuverans.ch\/de\/fermeture-hebergements-2025\/","title":{"rendered":"Schlie\u00dfung der Unterk\u00fcnfte 2026"},"content":{"rendered":"<p class=\"wp-block-paragraph\">Das Ende der Saison r\u00fcckt n\u00e4her. \u00dcberpr\u00fcfen Sie, ob die von Ihnen geplante Unterkunft noch ge\u00f6ffnet ist. Kontaktieren Sie die Betreuerinnen und Betreuer, um Ihre \u00dcbernachtung zu buchen, und informieren Sie sich \u00fcber den Zustand der Wege.<\/p>\n\n\n\n<p class=\"wp-block-paragraph\">Sie finden alle Informationen auf der Karte des<a href=\"https:\/\/tourdesmuverans.ch\/de\/itineraire\/\" data-type=\"page\" data-id=\"1328\">Route<\/a>.<\/p>\n\n\n\n<hr class=\"wp-block-separator has-alpha-channel-opacity\"\/>\n\n\n\n<figure class=\"wp-block-image aligncenter size-large\"><img fetchpriority=\"high\" decoding=\"async\" width=\"724\" height=\"1024\" src=\"https:\/\/tourdesmuverans.ch\/wp-content\/uploads\/Fermetures-cabanes-TdM-724x1024.jpeg\" alt=\"Fermeture des cabanes du tour des Muverans\" class=\"wp-image-5927\" srcset=\"https:\/\/tourdesmuverans.ch\/wp-content\/uploads\/Fermetures-cabanes-TdM-724x1024.jpeg 724w, https:\/\/tourdesmuverans.ch\/wp-content\/uploads\/Fermetures-cabanes-TdM-768x1086.jpeg 768w, https:\/\/tourdesmuverans.ch\/wp-content\/uploads\/Fermetures-cabanes-TdM-212x300.jpeg 212w, https:\/\/tourdesmuverans.ch\/wp-content\/uploads\/Fermetures-cabanes-TdM-1086x1536.jpeg 1086w, https:\/\/tourdesmuverans.ch\/wp-content\/uploads\/Fermetures-cabanes-TdM-8x12.jpeg 8w, https:\/\/tourdesmuverans.ch\/wp-content\/uploads\/Fermetures-cabanes-TdM.jpeg 1131w\" sizes=\"(max-width: 724px) 100vw, 724px\" \/><\/figure>","protected":false},"excerpt":{"rendered":"<p>Das Saisonende naht. \u00dcberpr\u00fcfen Sie, ob die von Ihnen eingeplante Unterkunft noch ge\u00f6ffnet ist. Kontaktieren Sie die H\u00fcttenwarte, um Ihre \u00dcbernachtung zu reservieren, und erkundigen Sie sich nach dem Zustand der Wege. Alle Informationen finden Sie auf der Karte der Route.<\/p>","protected":false},"author":2,"featured_media":0,"comment_status":"closed","ping_status":"closed","sticky":false,"template":"","format":"standard","meta":{"site-sidebar-layout":"default","site-content-layout":"","ast-site-content-layout":"default","site-content-style":"default","site-sidebar-style":"default","ast-global-header-display":"","ast-banner-title-visibility":"","ast-main-header-display":"","ast-hfb-above-header-display":"","ast-hfb-below-header-display":"","ast-hfb-mobile-header-display":"","site-post-title":"","ast-breadcrumbs-content":"","ast-featured-img":"","footer-sml-layout":"","ast-disable-related-posts":"","theme-transparent-header-meta":"","adv-header-id-meta":"","stick-header-meta":"","header-above-stick-meta":"","header-main-stick-meta":"","header-below-stick-meta":"","astra-migrate-meta-layouts":"set","ast-page-background-enabled":"default","ast-page-background-meta":{"desktop":{"background-color":"var(--ast-global-color-4)","background-image":"","background-repeat":"repeat","background-position":"center center","background-size":"auto","background-attachment":"scroll","background-type":"","background-media":"","overlay-type":"","overlay-color":"","overlay-opacity":"","overlay-gradient":""},"tablet":{"background-color":"","background-image":"","background-repeat":"repeat","background-position":"center center","background-size":"auto","background-attachment":"scroll","background-type":"","background-media":"","overlay-type":"","overlay-color":"","overlay-opacity":"","overlay-gradient":""},"mobile":{"background-color":"","background-image":"","background-repeat":"repeat","background-position":"center center","background-size":"auto","background-attachment":"scroll","background-type":"","background-media":"","overlay-type":"","overlay-color":"","overlay-opacity":"","overlay-gradient":""}},"ast-content-background-meta":{"desktop":{"background-color":"var(--ast-global-color-5)","background-image":"","background-repeat":"repeat","background-position":"center center","background-size":"auto","background-attachment":"scroll","background-type":"","background-media":"","overlay-type":"","overlay-color":"","overlay-opacity":"","overlay-gradient":""},"tablet":{"background-color":"var(--ast-global-color-5)","background-image":"","background-repeat":"repeat","background-position":"center center","background-size":"auto","background-attachment":"scroll","background-type":"","background-media":"","overlay-type":"","overlay-color":"","overlay-opacity":"","overlay-gradient":""},"mobile":{"background-color":"var(--ast-global-color-5)","background-image":"","background-repeat":"repeat","background-position":"center center","background-size":"auto","background-attachment":"scroll","background-type":"","background-media":"","overlay-type":"","overlay-color":"","overlay-opacity":"","overlay-gradient":""}},"footnotes":""},"categories":[5],"tags":[],"class_list":["post-3089","post","type-post","status-publish","format-standard","hentry","category-information"],"_links":{"self":[{"href":"https:\/\/tourdesmuverans.ch\/de\/wp-json\/wp\/v2\/posts\/3089","targetHints":{"allow":["GET"]}}],"collection":[{"href":"https:\/\/tourdesmuverans.ch\/de\/wp-json\/wp\/v2\/posts"}],"about":[{"href":"https:\/\/tourdesmuverans.ch\/de\/wp-json\/wp\/v2\/types\/post"}],"author":[{"embeddable":true,"href":"https:\/\/tourdesmuverans.ch\/de\/wp-json\/wp\/v2\/users\/2"}],"replies":[{"embeddable":true,"href":"https:\/\/tourdesmuverans.ch\/de\/wp-json\/wp\/v2\/comments?post=3089"}],"version-history":[{"count":4,"href":"https:\/\/tourdesmuverans.ch\/de\/wp-json\/wp\/v2\/posts\/3089\/revisions"}],"predecessor-version":[{"id":5928,"href":"https:\/\/tourdesmuverans.ch\/de\/wp-json\/wp\/v2\/posts\/3089\/revisions\/5928"}],"wp:attachment":[{"href":"https:\/\/tourdesmuverans.ch\/de\/wp-json\/wp\/v2\/media?parent=3089"}],"wp:term":[{"taxonomy":"category","embeddable":true,"href":"https:\/\/tourdesmuverans.ch\/de\/wp-json\/wp\/v2\/categories?post=3089"},{"taxonomy":"post_tag","embeddable":true,"href":"https:\/\/tourdesmuverans.ch\/de\/wp-json\/wp\/v2\/tags?post=3089"}],"curies":[{"name":"wp","href":"https:\/\/api.w.org\/{rel}","templated":true}]}}